{"id":1569,"date":"2017-01-23T10:35:03","date_gmt":"2017-01-23T06:35:03","guid":{"rendered":"http:\/\/idioms.tsu.ge\/?p=1569"},"modified":"2017-05-29T17:19:11","modified_gmt":"2017-05-29T13:19:11","slug":"%e1%83%90%e1%83%93%e1%83%90%e1%83%9b%e1%83%98%e1%83%a1-%e1%83%ab%e1%83%94","status":"publish","type":"post","link":"https:\/\/idioms.tsu.ge\/?p=1569","title":{"rendered":"\u10d0\u10d3\u10d0\u10db\u10d8\u10e1 \u10eb\u10d4"},"content":{"rendered":"<p><em>\u2013 \u10d8\u10ee.<\/em> \u10d0\u10d3\u10d0\u10db\u10d8\u10e1 \u10e8\u10d5\u10d8\u10da\u10d8.<\/p>\n<p>Adam\u2019s son<\/p>\n<p style=\"text-align: left;\">Le fils d\u2019Adame<\/p>\n<p>\u0421\u044b\u043d \u0410\u0434\u0430\u043c\u0430 \/ \u0410\u0434\u0430\u043c\u043e\u0432 \u0441\u044b\u043d \u2013 \u043e\u0434\u0438\u043d \u0438\u0437 \u0441\u044b\u043d\u043e\u0432\u0435\u0439 \u0410\u0434\u0430\u043c\u0430 (\u0434\u043e\u0441\u043b.)<\/p>\n<p>\u0421\u044b\u043d \u0447\u0435\u043b\u043e\u0432\u0435\u0447\u0435\u0441\u043a\u0438\u0439, \u0434\u0438\u0442\u044f \u0447\u0435\u043b\u043e\u0432\u0435\u0447\u0435\u0441\u043a\u043e\u0435, \u0410\u0434\u0430\u043c\u043e\u0432 \u0441\u044b\u043d \u2013 \u0447\u0435\u043b\u043e\u0432\u0435\u043a, \u043e\u0434\u0443\u0448\u0435\u0432\u043b\u0435\u043d\u043d\u043e\u0435 \u0441\u0443\u0449\u0435\u0441\u0442\u0432\u043e.<\/p>\n<p>\u0410\u0434\u0430\u043c\u043e\u0432\u044b \u0434\u0435\u0442\u0438 \u2014 \u0432\u0441\u0435 \u043b\u044e\u0434\u0438, \u0438\u043c\u0435\u044e\u0449\u0438\u0435 \u0441\u0432\u043e\u0438 \u0441\u043e\u0431\u043b\u0430\u0437\u043d\u044b.<\/p>\n<p>w\u00f6rtlich: \u201eAdams Sohn\u201c.<\/p>\n<p>\u00fcbertragene Bedeutung: Menschenkind.<\/p>\n<p>Hepimiz Adem\u2019 in \u00e7ocuklar\u0131y\u0131z.<\/p>\n<h3 style=\"text-align: right;\">\u00a0\u00a0\u00a0\u00a0\u00a0\u00a0 \u0627\u0628\u0646 \u0622\u062f\u0645(\u10da\u10d8\u10e2.)<\/h3>\n<h3 style=\"text-align: right;\">\u00a0\u00a0\u00a0\u00a0\u00a0 \u0628\u0646\u0648 \u0622\u062f\u0645(\u10da\u10d8\u10e2.)<\/h3>\n","protected":false},"excerpt":{"rendered":"<p>\u2013 \u10d8\u10ee. \u10d0\u10d3\u10d0\u10db\u10d8\u10e1 \u10e8\u10d5\u10d8\u10da\u10d8. Adam\u2019s son Le fils d\u2019Adame \u0421\u044b\u043d \u0410\u0434\u0430\u043c\u0430 \/ \u0410\u0434\u0430\u043c\u043e\u0432 \u0441\u044b\u043d \u2013 \u043e\u0434\u0438\u043d \u0438\u0437 \u0441\u044b\u043d\u043e\u0432\u0435\u0439 \u0410\u0434\u0430\u043c\u0430 (\u0434\u043e\u0441\u043b.) \u0421\u044b\u043d \u0447\u0435\u043b\u043e\u0432\u0435\u0447\u0435\u0441\u043a\u0438\u0439, \u0434\u0438\u0442\u044f \u0447\u0435\u043b\u043e\u0432\u0435\u0447\u0435\u0441\u043a\u043e\u0435, \u0410\u0434\u0430\u043c\u043e\u0432 \u0441\u044b\u043d \u2013 \u0447\u0435\u043b\u043e\u0432\u0435\u043a, \u043e\u0434\u0443\u0448\u0435\u0432\u043b\u0435\u043d\u043d\u043e\u0435 \u0441\u0443\u0449\u0435\u0441\u0442\u0432\u043e&#8230;. <a href=\"https:\/\/idioms.tsu.ge\/?p=1569\">Read more &raquo;<\/a><\/p>\n","protected":false},"author":1,"featured_media":0,"comment_status":"closed","ping_status":"closed","sticky":false,"template":"","format":"standard","meta":[],"categories":[6,59],"tags":[1488],"_links":{"self":[{"href":"https:\/\/idioms.tsu.ge\/index.php?rest_route=\/wp\/v2\/posts\/1569"}],"collection":[{"href":"https:\/\/idioms.tsu.ge\/index.php?rest_route=\/wp\/v2\/posts"}],"about":[{"href":"https:\/\/idioms.tsu.ge\/index.php?rest_route=\/wp\/v2\/types\/post"}],"author":[{"embeddable":true,"href":"https:\/\/idioms.tsu.ge\/index.php?rest_route=\/wp\/v2\/users\/1"}],"replies":[{"embeddable":true,"href":"https:\/\/idioms.tsu.ge\/index.php?rest_route=%2Fwp%2Fv2%2Fcomments&post=1569"}],"version-history":[{"count":2,"href":"https:\/\/idioms.tsu.ge\/index.php?rest_route=\/wp\/v2\/posts\/1569\/revisions"}],"predecessor-version":[{"id":21533,"href":"https:\/\/idioms.tsu.ge\/index.php?rest_route=\/wp\/v2\/posts\/1569\/revisions\/21533"}],"wp:attachment":[{"href":"https:\/\/idioms.tsu.ge\/index.php?rest_route=%2Fwp%2Fv2%2Fmedia&parent=1569"}],"wp:term":[{"taxonomy":"category","embeddable":true,"href":"https:\/\/idioms.tsu.ge\/index.php?rest_route=%2Fwp%2Fv2%2Fcategories&post=1569"},{"taxonomy":"post_tag","embeddable":true,"href":"https:\/\/idioms.tsu.ge\/index.php?rest_route=%2Fwp%2Fv2%2Ftags&post=1569"}],"curies":[{"name":"wp","href":"https:\/\/api.w.org\/{rel}","templated":true}]}}